{"id":7038,"date":"2025-06-01T15:48:35","date_gmt":"2025-06-01T13:48:35","guid":{"rendered":"https:\/\/www.mkab.eu\/?p=7038"},"modified":"2025-06-03T15:11:16","modified_gmt":"2025-06-03T13:11:16","slug":"mini-pro-il-forno-combinato-a-piena-capacita-piu-stretto-del-mercato","status":"publish","type":"post","link":"https:\/\/www.mkab.eu\/it\/mini-pro-marknadens-smalaste-kombiugn-med-full-kapacitet\/","title":{"rendered":"MINI PRO - Il forno combinato a piena capacit\u00e0 pi\u00f9 stretto sul mercato"},"content":{"rendered":"<div  class='flex_column av-5qyfb2-458225e849fac91f399ada6837b0d10c av_one_half  avia-builder-el-0  el_before_av_one_half  avia-builder-el-first  first flex_column_div'     ><section  class='av_textblock_section av-manzyjiy-7f70b28424cffdcb765c9eca6d1af189'   itemscope=\"itemscope\" itemtype=\"https:\/\/schema.org\/BlogPosting\" itemprop=\"blogPost\" ><div class='avia_textblock'  itemprop=\"text\" ><h2 data-start=\"262\" data-end=\"493\"><strong data-start=\"262\" data-end=\"348\">MINI PRO - forno combinato compatto per i ristoranti con spazio limitato.<\/strong><\/h2>\n<p data-start=\"262\" data-end=\"493\">Con soli 49,8 cm di larghezza, questo \u00e8 il forno combinato GN pi\u00f9 stretto sul mercato, senza compromessi in termini di prestazioni o capacit\u00e0.<\/p>\n<p data-start=\"495\" data-end=\"785\"><a href=\"https:\/\/www.mkab.eu\/wp-content\/uploads\/2025\/04\/mini_pro_kungen_av_miniugnar.pdf\" target=\"_blank\" rel=\"noopener\">MINI PRO<\/a> \u00e8 una gamma di forni combinati sviluppata da <a href=\"https:\/\/www.convotherm.com\/combiovens\/mini-pro\" target=\"_blank\" rel=\"noopener\">Convotherm<\/a> appositamente progettato per le cucine dei ristoranti dove ogni centimetro conta e dove la flessibilit\u00e0 e i requisiti di produzione rimangono elevati. La gamma \u00e8 disponibile in tre dimensioni e in una versione marina, perfetta per tutti i tipi di cucina, dai ristoranti e i concept food-to-go alle navi e agli ambienti offshore.<\/p>\n<h3 data-start=\"787\" data-end=\"836\">Pulizia intelligente con la tecnologia Solid-to-Liquid<\/h3>\n<p data-start=\"838\" data-end=\"964\">Il nuovo <strong data-start=\"846\" data-end=\"873\">Sistema ConvoClean S2L<\/strong> trasforma i prodotti chimici per la pulizia dalla forma solida a quella liquida direttamente nel forno. Il risultato \u00e8: <strong data-start=\"967\" data-end=\"1007\">Fino a 88 emissioni di CO2 in meno %<\/strong> grazie alla riduzione dei trasporti <strong data-start=\"1041\" data-end=\"1062\">Manipolazione pi\u00f9 sicura<\/strong> - non sono necessari liquidi manuali <strong data-start=\"1096\" data-end=\"1117\">Pi\u00f9 spazio in cucina<\/strong> - le cartucce di pulizia si mettono direttamente nel forno e durano fino a un mese<\/p>\n<h3 data-start=\"1197\" data-end=\"1240\">MINI PRO - Il forno combinato a piena capacit\u00e0 pi\u00f9 stretto sul mercato<\/h3>\n<p data-start=\"1242\" data-end=\"1428\">Nonostante il design sottile, il MINI PRO offre tutti i metodi di cottura di un forno combinato di dimensioni standard. Due unit\u00e0 possono addirittura <strong data-start=\"1354\" data-end=\"1373\">si impila senza problemi<\/strong> per raddoppiare la capacit\u00e0 senza occupare pi\u00f9 spazio.<\/p>\n<h3 data-start=\"1430\" data-end=\"1484\">Massima efficienza con il minimo consumo energetico<\/h3>\n<p data-start=\"1486\" data-end=\"1582\">Grazie al nuovo <strong data-start=\"1504\" data-end=\"1527\">Sistema AirFlowPro<\/strong> con un motore brushless e un'esclusiva tecnologia a lama d'aria, si ottiene: <strong data-start=\"1585\" data-end=\"1609\">80 % flusso d'aria pi\u00f9 elevato, <\/strong><strong data-start=\"1612\" data-end=\"1646\">200 % circolazione dell'aria pi\u00f9 rapida, s<\/strong><strong data-start=\"1649\" data-end=\"1684\">pi\u00f9 vicini e anche la cucina<\/strong> - senza aumentare il consumo energetico. <a href=\"https:\/\/www.mkab.eu\/wp-content\/uploads\/2025\/04\/mini_pro_kungen_av_miniugnar.pdf\" target=\"_blank\" rel=\"noopener\">Per saperne di pi\u00f9, consultate la brochure<\/a><\/p>\n<\/div><\/section><\/div><div  class='flex_column av-453iqm-4420c0ac37e9775db7c8bd74969fe8fc av_one_half  avia-builder-el-2  el_after_av_one_half  avia-builder-el-last  flex_column_div'     ><style type=\"text\/css\" data-created_by=\"avia_inline_auto\" id=\"style-css-av-manzz71r-524805a1093554ed622cb99abeceaa41\">\n.avia-image-container.av-manzz71r-524805a1093554ed622cb99abeceaa41 img.avia_image{\nbox-shadow:none;\n}\n.avia-image-container.av-manzz71r-524805a1093554ed622cb99abeceaa41 .av-image-caption-overlay-center{\ncolor:#ffffff;\n}\n<\/style>\n<div  class='avia-image-container av-manzz71r-524805a1093554ed622cb99abeceaa41 av-styling- avia-align-center  avia-builder-el-3  avia-builder-el-no-sibling'   itemprop=\"image\" itemscope=\"itemscope\" itemtype=\"https:\/\/schema.org\/ImageObject\" ><div class=\"avia-image-container-inner\"><div class=\"avia-image-overlay-wrap\"><img decoding=\"async\" fetchpriority=\"high\" class='wp-image-7274 avia-img-lazy-loading-not-7274 avia_image' src=\"https:\/\/i0.wp.com\/www.mkab.eu\/wp-content\/uploads\/2025\/05\/mini_pro_6-10-on-6-10_10-10_webp.webp?fit=1026%2C1030&ssl=1\" alt='Tre forni combinati Mini Pro slim di Convotherm progettati per il catering' title='mini_pro_6-10 su 6-10_10-10_webp'  height=\"1030\" width=\"1026\"  itemprop=\"thumbnailUrl\" srcset=\"https:\/\/i0.wp.com\/www.mkab.eu\/wp-content\/uploads\/2025\/05\/mini_pro_6-10-on-6-10_10-10_webp.webp?w=1298&amp;ssl=1 1298w, https:\/\/i0.wp.com\/www.mkab.eu\/wp-content\/uploads\/2025\/05\/mini_pro_6-10-on-6-10_10-10_webp.webp?resize=300%2C300&amp;ssl=1 300w, https:\/\/i0.wp.com\/www.mkab.eu\/wp-content\/uploads\/2025\/05\/mini_pro_6-10-on-6-10_10-10_webp.webp?resize=1026%2C1030&amp;ssl=1 1026w, https:\/\/i0.wp.com\/www.mkab.eu\/wp-content\/uploads\/2025\/05\/mini_pro_6-10-on-6-10_10-10_webp.webp?resize=80%2C80&amp;ssl=1 80w, https:\/\/i0.wp.com\/www.mkab.eu\/wp-content\/uploads\/2025\/05\/mini_pro_6-10-on-6-10_10-10_webp.webp?resize=768%2C771&amp;ssl=1 768w, https:\/\/i0.wp.com\/www.mkab.eu\/wp-content\/uploads\/2025\/05\/mini_pro_6-10-on-6-10_10-10_webp.webp?resize=36%2C36&amp;ssl=1 36w, https:\/\/i0.wp.com\/www.mkab.eu\/wp-content\/uploads\/2025\/05\/mini_pro_6-10-on-6-10_10-10_webp.webp?resize=180%2C180&amp;ssl=1 180w, https:\/\/i0.wp.com\/www.mkab.eu\/wp-content\/uploads\/2025\/05\/mini_pro_6-10-on-6-10_10-10_webp.webp?resize=702%2C705&amp;ssl=1 702w\" sizes=\"(max-width: 1026px) 100vw, 1026px\" \/><\/div><\/div><\/div><\/div><\/p>","protected":false},"excerpt":{"rendered":"<p>MINI PRO - una rivoluzione compatta e intelligente per le cucine commerciali con spazio limitato ma che desiderano un forno combinato completamente funzionale.<\/p>","protected":false},"author":3,"featured_media":7273,"comment_status":"closed","ping_status":"closed","sticky":false,"template":"","format":"standard","meta":{"_monsterinsights_skip_tracking":false,"_monsterinsights_sitenote_active":false,"_monsterinsights_sitenote_note":"","_monsterinsights_sitenote_category":0,"footnotes":""},"categories":[3],"tags":[37,36],"class_list":["post-7038","post","type-post","status-publish","format-standard","has-post-thumbnail","hentry","category-nyheter","tag-convotherm","tag-kombiugn"],"_links":{"self":[{"href":"https:\/\/www.mkab.eu\/it\/wp-json\/wp\/v2\/posts\/7038","targetHints":{"allow":["GET"]}}],"collection":[{"href":"https:\/\/www.mkab.eu\/it\/wp-json\/wp\/v2\/posts"}],"about":[{"href":"https:\/\/www.mkab.eu\/it\/wp-json\/wp\/v2\/types\/post"}],"author":[{"embeddable":true,"href":"https:\/\/www.mkab.eu\/it\/wp-json\/wp\/v2\/users\/3"}],"replies":[{"embeddable":true,"href":"https:\/\/www.mkab.eu\/it\/wp-json\/wp\/v2\/comments?post=7038"}],"version-history":[{"count":12,"href":"https:\/\/www.mkab.eu\/it\/wp-json\/wp\/v2\/posts\/7038\/revisions"}],"predecessor-version":[{"id":7278,"href":"https:\/\/www.mkab.eu\/it\/wp-json\/wp\/v2\/posts\/7038\/revisions\/7278"}],"wp:featuredmedia":[{"embeddable":true,"href":"https:\/\/www.mkab.eu\/it\/wp-json\/wp\/v2\/media\/7273"}],"wp:attachment":[{"href":"https:\/\/www.mkab.eu\/it\/wp-json\/wp\/v2\/media?parent=7038"}],"wp:term":[{"taxonomy":"category","embeddable":true,"href":"https:\/\/www.mkab.eu\/it\/wp-json\/wp\/v2\/categories?post=7038"},{"taxonomy":"post_tag","embeddable":true,"href":"https:\/\/www.mkab.eu\/it\/wp-json\/wp\/v2\/tags?post=7038"}],"curies":[{"name":"wp","href":"https:\/\/api.w.org\/{rel}","templated":true}]}}