{"id":7260,"date":"2025-02-01T16:52:53","date_gmt":"2025-02-01T15:52:53","guid":{"rendered":"https:\/\/www.mkab.eu\/?p=7260"},"modified":"2025-06-18T11:28:09","modified_gmt":"2025-06-18T09:28:09","slug":"nuovo-direttore-generale-di-mkab-storkok","status":"publish","type":"post","link":"https:\/\/www.mkab.eu\/it\/ny-vd-pa-mkab-storkok\/","title":{"rendered":"Nuovo CEO per MKAB Stork\u00f6k"},"content":{"rendered":"<div  class='flex_column av-5qyfb2-458225e849fac91f399ada6837b0d10c av_one_half  avia-builder-el-0  el_before_av_one_half  avia-builder-el-first  first flex_column_div'     ><section  class='av_textblock_section av-manzyjiy-7f70b28424cffdcb765c9eca6d1af189'   itemscope=\"itemscope\" itemtype=\"https:\/\/schema.org\/BlogPosting\" itemprop=\"blogPost\" ><div class='avia_textblock'  itemprop=\"text\" ><h2 data-start=\"123\" data-end=\"179\">Anders Lundin assume il timone della societ\u00e0<\/h2>\n<p data-start=\"181\" data-end=\"483\">Noi di MKAB Stork\u00f6k siamo lieti di annunciare che Anders Lundin \u00e8 stato nominato nuovo CEO dell'azienda. Assumer\u00e0 il ruolo nel gennaio 2025 e succeder\u00e0 a Mats Persson, che passer\u00e0 il testimone alla prossima generazione di dirigenti, pur rimanendo all'interno dell'azienda e continuando a concentrarsi sull'assistenza ai clienti e sulle vendite.<\/p>\n<p data-start=\"485\" data-end=\"718\">Anders \u00e8 un volto noto all'interno di MKAB e fa parte della nostra azienda da oltre un decennio. In questo periodo ha maturato una profonda conoscenza del settore e ha sviluppato solide relazioni sia con i clienti che con i fornitori.<\/p>\n<p data-start=\"940\" data-end=\"984\">Lo stesso Anders non vede l'ora di ricoprire il suo nuovo ruolo:<\/p>\n<blockquote>\n<p data-start=\"986\" data-end=\"1229\">- Sono onorato di essere incaricato di guidare la MKAB Stork\u00f6k. \u00c8 una grande azienda con una storia lunga e orgogliosa. Insieme al team, voglio continuare a sviluppare l'azienda e a costruire il successo che abbiamo avuto.<\/p>\n<\/blockquote>\n<p data-start=\"1231\" data-end=\"1468\">MKAB Stork\u00f6k \u00e8 uno dei pi\u00f9 esperti e rispettati fornitori svedesi di attrezzature per la ristorazione. Facciamo parte del <a href=\"https:\/\/www.culinaproducts.se\/\" target=\"_blank\" rel=\"noopener\">Prodotti Culina AB<\/a>che riunisce diversi operatori leader nel settore della ristorazione e del catering, e fa parte di <a href=\"https:\/\/www.idun.com\/sv\/\" target=\"_blank\" rel=\"noopener\">Idun Industrier AB<\/a>.<\/p>\n<p data-start=\"1470\" data-end=\"1558\">Avete domande o volete mettervi in contatto con Anders?<br \/>\n<a class=\"cursor-pointer\" rel=\"noopener\" data-start=\"1526\" data-end=\"1540\">anders@mkab.eu<\/a><br data-start=\"1540\" data-end=\"1543\" \/>031-29 92 20<\/p>\n<\/div><\/section><\/div><div  class='flex_column av-453iqm-4420c0ac37e9775db7c8bd74969fe8fc av_one_half  avia-builder-el-2  el_after_av_one_half  avia-builder-el-last  flex_column_div'     ><style type=\"text\/css\" data-created_by=\"avia_inline_auto\" id=\"style-css-av-manzz71r-1fccb4c1ff95811964ebfb1e81f3aa13\">\n.avia-image-container.av-manzz71r-1fccb4c1ff95811964ebfb1e81f3aa13 img.avia_image{\nbox-shadow:none;\n}\n.avia-image-container.av-manzz71r-1fccb4c1ff95811964ebfb1e81f3aa13 .av-image-caption-overlay-center{\ncolor:#ffffff;\n}\n<\/style>\n<div  class='avia-image-container av-manzz71r-1fccb4c1ff95811964ebfb1e81f3aa13 av-styling- avia-align-center  avia-builder-el-3  avia-builder-el-no-sibling'   itemprop=\"image\" itemscope=\"itemscope\" itemtype=\"https:\/\/schema.org\/ImageObject\" ><div class=\"avia-image-container-inner\"><div class=\"avia-image-overlay-wrap\"><img decoding=\"async\" fetchpriority=\"high\" class='wp-image-7333 avia-img-lazy-loading-not-7333 avia_image' src=\"https:\/\/i0.wp.com\/www.mkab.eu\/wp-content\/uploads\/2025\/02\/anders_lundin_mkab_storkok.webp?fit=826%2C1030&ssl=1\" alt='Un ritratto di Anders Lundin, CEO di Mkab Stork\u00f6k' title='anders_lundin_mkab_storkok'  height=\"1030\" width=\"826\"  itemprop=\"thumbnailUrl\" srcset=\"https:\/\/i0.wp.com\/www.mkab.eu\/wp-content\/uploads\/2025\/02\/anders_lundin_mkab_storkok.webp?w=1061&amp;ssl=1 1061w, https:\/\/i0.wp.com\/www.mkab.eu\/wp-content\/uploads\/2025\/02\/anders_lundin_mkab_storkok.webp?resize=241%2C300&amp;ssl=1 241w, https:\/\/i0.wp.com\/www.mkab.eu\/wp-content\/uploads\/2025\/02\/anders_lundin_mkab_storkok.webp?resize=826%2C1030&amp;ssl=1 826w, https:\/\/i0.wp.com\/www.mkab.eu\/wp-content\/uploads\/2025\/02\/anders_lundin_mkab_storkok.webp?resize=768%2C958&amp;ssl=1 768w, https:\/\/i0.wp.com\/www.mkab.eu\/wp-content\/uploads\/2025\/02\/anders_lundin_mkab_storkok.webp?resize=565%2C705&amp;ssl=1 565w\" sizes=\"(max-width: 826px) 100vw, 826px\" \/><\/div><\/div><\/div><\/div><\/p>","protected":false},"excerpt":{"rendered":"<p>Anders \u00e8 un volto noto all'interno di MKAB e fa parte della nostra azienda da oltre un decennio. In questo periodo ha maturato una profonda conoscenza del settore e ha sviluppato solide relazioni sia con i clienti che con i fornitori.<\/p>","protected":false},"author":2,"featured_media":7337,"comment_status":"closed","ping_status":"closed","sticky":false,"template":"","format":"standard","meta":{"_monsterinsights_skip_tracking":false,"_monsterinsights_sitenote_active":false,"_monsterinsights_sitenote_note":"","_monsterinsights_sitenote_category":0,"footnotes":""},"categories":[3],"tags":[33,31,32],"class_list":["post-7260","post","type-post","status-publish","format-standard","has-post-thumbnail","hentry","category-nyheter","tag-barncancerfonden","tag-samhallsengagemang","tag-stadsmissionen"],"_links":{"self":[{"href":"https:\/\/www.mkab.eu\/it\/wp-json\/wp\/v2\/posts\/7260","targetHints":{"allow":["GET"]}}],"collection":[{"href":"https:\/\/www.mkab.eu\/it\/wp-json\/wp\/v2\/posts"}],"about":[{"href":"https:\/\/www.mkab.eu\/it\/wp-json\/wp\/v2\/types\/post"}],"author":[{"embeddable":true,"href":"https:\/\/www.mkab.eu\/it\/wp-json\/wp\/v2\/users\/2"}],"replies":[{"embeddable":true,"href":"https:\/\/www.mkab.eu\/it\/wp-json\/wp\/v2\/comments?post=7260"}],"version-history":[{"count":6,"href":"https:\/\/www.mkab.eu\/it\/wp-json\/wp\/v2\/posts\/7260\/revisions"}],"predecessor-version":[{"id":7388,"href":"https:\/\/www.mkab.eu\/it\/wp-json\/wp\/v2\/posts\/7260\/revisions\/7388"}],"wp:featuredmedia":[{"embeddable":true,"href":"https:\/\/www.mkab.eu\/it\/wp-json\/wp\/v2\/media\/7337"}],"wp:attachment":[{"href":"https:\/\/www.mkab.eu\/it\/wp-json\/wp\/v2\/media?parent=7260"}],"wp:term":[{"taxonomy":"category","embeddable":true,"href":"https:\/\/www.mkab.eu\/it\/wp-json\/wp\/v2\/categories?post=7260"},{"taxonomy":"post_tag","embeddable":true,"href":"https:\/\/www.mkab.eu\/it\/wp-json\/wp\/v2\/tags?post=7260"}],"curies":[{"name":"wp","href":"https:\/\/api.w.org\/{rel}","templated":true}]}}