{"id":7581,"date":"2025-10-07T08:15:28","date_gmt":"2025-10-07T06:15:28","guid":{"rendered":"https:\/\/www.mkab.eu\/?p=7581"},"modified":"2025-10-01T14:29:09","modified_gmt":"2025-10-01T12:29:09","slug":"visitiamo-host-milano","status":"publish","type":"post","link":"https:\/\/www.mkab.eu\/it\/vi-besoker-host-milano\/","title":{"rendered":"Visitiamo Host Milano"},"content":{"rendered":"<div  class='flex_column av-5qyfb2-458225e849fac91f399ada6837b0d10c av_one_half  avia-builder-el-0  el_before_av_one_half  avia-builder-el-first  first flex_column_div'     ><section  class='av_textblock_section av-manzyjiy-7f70b28424cffdcb765c9eca6d1af189'   itemscope=\"itemscope\" itemtype=\"https:\/\/schema.org\/BlogPosting\" itemprop=\"blogPost\" ><div class='avia_textblock'  itemprop=\"text\" ><h2>Volete incontrarci alla fiera Host?<\/h2>\n<p>\u00c8 quasi arrivato il momento di uno degli eventi pi\u00f9 importanti dell'anno per chi lavora nel settore. <a href=\"https:\/\/host.fieramilano.it\/en\/?_gl=1*1jhxqqv*_up*MQ..&amp;gclid=Cj0KCQjwovPGBhDxARIsAFhgkwTe45JkGhvdZaDwum5EmUUQn0XyinywS8eyoaaU5AFzCdIuNmrSRQ4aAmw8EALw_wcB&amp;gbraid=0AAAAABWgPFMeezuRjXcKiGc10mjEAjnQV\" target=\"_blank\" rel=\"noopener\">Ospite Milano<\/a> si terr\u00e0 dal 17 al 21 ottobre e noi saremo ovviamente presenti. Lo scopo della nostra visita \u00e8 quello di verificare le ultime novit\u00e0, incontrare i fornitori e, naturalmente, cogliere l'opportunit\u00e0 di incontrare i nostri clienti che hanno in programma di visitare la fiera.<\/p>\n<p><strong>Volete prenotare un appuntamento con noi durante i giorni di permanenza a Milano?<\/strong> Contattate i nostri colleghi, Nina Frostfeldt o Anders Lundin, qui alla Mkab Stork\u00f6k, e vi aiuteranno a trovare un orario adatto a voi per un incontro. Saranno lieti di guidarvi attraverso gli stand in cui sono rappresentati i nostri prodotti e saranno a disposizione per rispondere alle domande degli espositori.<\/p>\n<h3>Durante la fiera, avrete l'opportunit\u00e0 di dare un'occhiata pi\u00f9 da vicino:<\/h3>\n<ul>\n<li>Il nuovo forno combinato Mini Pro di Convotherm, compatto ma ricco di funzioni intelligenti per la cucina professionale.<\/li>\n<li>L'innovativa \"macchina per mousse\" FRXSH, che in pochi secondi trasforma ingredienti freschi o preparati surgelati in ariose mousse e altre consistenze che aprono possibilit\u00e0 completamente nuove in cucina.<\/li>\n<li>La serie Marenos 110 \u00e8 stata aggiornata a M1.<\/li>\n<li>Friggitrici CORE SMART di Valentine, progettate per garantire durata e facilit\u00e0 d'uso con un sistema che analizza e adatta la cottura in tempo reale.<\/li>\n<\/ul>\n<p>Host Milano \u00e8 sempre una grande opportunit\u00e0 per scoprire cose nuove e approfondire i rapporti con fornitori, colleghi e clienti. Ci aspettiamo incontri proficui e giornate emozionanti a Milano.<\/p>\n<\/div><\/section><\/div>\n<div  class='flex_column av-453iqm-4420c0ac37e9775db7c8bd74969fe8fc av_one_half  avia-builder-el-2  el_after_av_one_half  avia-builder-el-last  flex_column_div'     ><style type=\"text\/css\" data-created_by=\"avia_inline_auto\" id=\"style-css-av-manzz71r-ba1c6efea71673e6db3086abfcc31fc0\">\n.avia-image-container.av-manzz71r-ba1c6efea71673e6db3086abfcc31fc0 img.avia_image{\nbox-shadow:none;\n}\n.avia-image-container.av-manzz71r-ba1c6efea71673e6db3086abfcc31fc0 .av-image-caption-overlay-center{\ncolor:#ffffff;\n}\n<\/style>\n<div  class='avia-image-container av-manzz71r-ba1c6efea71673e6db3086abfcc31fc0 av-styling- avia-align-center  avia-builder-el-3  avia-builder-el-no-sibling'   itemprop=\"image\" itemscope=\"itemscope\" itemtype=\"https:\/\/schema.org\/ImageObject\" ><div class=\"avia-image-container-inner\"><div class=\"avia-image-overlay-wrap\"><img decoding=\"async\" fetchpriority=\"high\" class='wp-image-7582 avia-img-lazy-loading-not-7582 avia_image' src=\"https:\/\/i0.wp.com\/www.mkab.eu\/wp-content\/uploads\/2025\/10\/Host-1.webp?fit=1030%2C842&ssl=1\" alt='' title='Ospite 1'  height=\"842\" width=\"1030\"  itemprop=\"thumbnailUrl\" srcset=\"https:\/\/i0.wp.com\/www.mkab.eu\/wp-content\/uploads\/2025\/10\/Host-1.webp?w=1212&amp;ssl=1 1212w, https:\/\/i0.wp.com\/www.mkab.eu\/wp-content\/uploads\/2025\/10\/Host-1.webp?resize=300%2C245&amp;ssl=1 300w, https:\/\/i0.wp.com\/www.mkab.eu\/wp-content\/uploads\/2025\/10\/Host-1.webp?resize=1030%2C842&amp;ssl=1 1030w, https:\/\/i0.wp.com\/www.mkab.eu\/wp-content\/uploads\/2025\/10\/Host-1.webp?resize=768%2C628&amp;ssl=1 768w, https:\/\/i0.wp.com\/www.mkab.eu\/wp-content\/uploads\/2025\/10\/Host-1.webp?resize=15%2C12&amp;ssl=1 15w, https:\/\/i0.wp.com\/www.mkab.eu\/wp-content\/uploads\/2025\/10\/Host-1.webp?resize=705%2C576&amp;ssl=1 705w\" sizes=\"(max-width: 1030px) 100vw, 1030px\" \/><\/div><\/div><\/div><\/div>","protected":false},"excerpt":{"rendered":"<p>Volete prenotare un appuntamento con noi durante le giornate milanesi? Contattate Nina Frostfeldt o Anders Lundin di Mkab Stork\u00f6k, che vi aiuteranno a trovare un orario adatto per un incontro. Saranno lieti di guidarvi tra gli stand in cui sono rappresentati i nostri prodotti e saranno a disposizione per rispondere alle domande degli espositori.<\/p>","protected":false},"author":2,"featured_media":7583,"comment_status":"closed","ping_status":"closed","sticky":false,"template":"","format":"standard","meta":{"_monsterinsights_skip_tracking":false,"_monsterinsights_sitenote_active":false,"_monsterinsights_sitenote_note":"","_monsterinsights_sitenote_category":0,"footnotes":""},"categories":[3],"tags":[45,46],"class_list":["post-7581","post","type-post","status-publish","format-standard","has-post-thumbnail","hentry","category-nyheter","tag-host","tag-massa-i-milano"],"_links":{"self":[{"href":"https:\/\/www.mkab.eu\/it\/wp-json\/wp\/v2\/posts\/7581","targetHints":{"allow":["GET"]}}],"collection":[{"href":"https:\/\/www.mkab.eu\/it\/wp-json\/wp\/v2\/posts"}],"about":[{"href":"https:\/\/www.mkab.eu\/it\/wp-json\/wp\/v2\/types\/post"}],"author":[{"embeddable":true,"href":"https:\/\/www.mkab.eu\/it\/wp-json\/wp\/v2\/users\/2"}],"replies":[{"embeddable":true,"href":"https:\/\/www.mkab.eu\/it\/wp-json\/wp\/v2\/comments?post=7581"}],"version-history":[{"count":5,"href":"https:\/\/www.mkab.eu\/it\/wp-json\/wp\/v2\/posts\/7581\/revisions"}],"predecessor-version":[{"id":7691,"href":"https:\/\/www.mkab.eu\/it\/wp-json\/wp\/v2\/posts\/7581\/revisions\/7691"}],"wp:featuredmedia":[{"embeddable":true,"href":"https:\/\/www.mkab.eu\/it\/wp-json\/wp\/v2\/media\/7583"}],"wp:attachment":[{"href":"https:\/\/www.mkab.eu\/it\/wp-json\/wp\/v2\/media?parent=7581"}],"wp:term":[{"taxonomy":"category","embeddable":true,"href":"https:\/\/www.mkab.eu\/it\/wp-json\/wp\/v2\/categories?post=7581"},{"taxonomy":"post_tag","embeddable":true,"href":"https:\/\/www.mkab.eu\/it\/wp-json\/wp\/v2\/tags?post=7581"}],"curies":[{"name":"wp","href":"https:\/\/api.w.org\/{rel}","templated":true}]}}